{"id":19677,"date":"2025-11-26T09:25:38","date_gmt":"2025-11-26T09:25:38","guid":{"rendered":"https:\/\/cmus.cl\/natalia-bieletto-at-catedra-jesus-romero-mexico\/"},"modified":"2025-11-26T09:25:38","modified_gmt":"2025-11-26T09:25:38","slug":"natalia-bieletto-at-catedra-jesus-romero-mexico","status":"publish","type":"post","link":"https:\/\/cmus.cl\/en\/natalia-bieletto-at-catedra-jesus-romero-mexico\/","title":{"rendered":"Natalia Bieletto at C\u00e1tedra Jes\u00fas Romero (Mexico)"},"content":{"rendered":"<p><strong>Natalia Bieletto<\/strong> will participate this Thursday, November 27th, in the Jes\u00fas Romero Chair at the Carlos Ch\u00e1vez National Center for Musical Research and Documentation in Mexico. She will be part of the &#8220;Musical Listening and Beyond&#8221; Round Table, where she will speak about the &#8220;Politicization of Listening and Social Uses of Sound Cartographies.&#8221; <\/p>\n<p>The central theme of this panel is as follows: &#8220;Musical research has expanded to include different aspects of the social life of sound in contexts that are not necessarily musical. Among these branches, listening studies stand out: How do we listen to music and the world? Are there diverse cultural regimes of listening? Do ways of listening transform over time? Is listening a recording of the acoustic information of the environment or an exercise in exploration, selection, and construction of meaning, guided by our perceptual capabilities and culture? Is it possible to speak of listening from a gendered, decolonial, or posthumanist perspective? What do recent theories of the embodied and extended mind tell us about listening? The participants in this panel have addressed these issues from very different fields such as history, anthropology, musicology, and embodied cognition.&#8221;<\/p>\n<p>That&#8217;s not all, because today she will be interviewed at the Spanish-Speaking Music Supervision Association. 10am Mexico time (1pm Chile time) to discuss the book &#8220;The Music of the Tents in Mexico City&#8221;. <\/p>\n<p>Both activities will be conducted remotely.<\/p>\n<blockquote><p><strong>Interview at ASM <\/strong><\/p>\n<p>November, Wendesday, 26th 10 am (MX), 1 pm (CL)<\/p>\n<p>Online<\/p>\n<p><strong>C\u00e1tedra Jes\u00fas Romero<\/strong><\/p>\n<p>Panel: &#8220;Listen to Music and Beyond&#8221;<\/p>\n<p>November, Thursday, 27th, 12 pm a 2 pm (GMT-6)<\/p>\n<p>Online<\/p><\/blockquote>\n<p>&nbsp;<\/p>\n<p>&nbsp;<\/p>\n","protected":false},"excerpt":{"rendered":"<p>Natalia Bieletto will participate this Thursday, November 27th, in the Jes\u00fas Romero Chair at the Carlos Ch\u00e1vez National Center for Musical Research and Documentation in Mexico. She will be part of the &#8220;Musical Listening and Beyond&#8221; Round Table, where she will speak about the &#8220;Politicization of Listening and Social Uses of Sound Cartographies.&#8221; The central [&hellip;]<\/p>\n","protected":false},"author":1,"featured_media":19673,"comment_status":"closed","ping_status":"closed","sticky":false,"template":"","format":"standard","meta":{"footnotes":""},"categories":[46],"tags":[330,380],"class_list":["post-19677","post","type-post","status-publish","format-standard","has-post-thumbnail","hentry","category-economies-industries-and-policies-of-culture","tag-listening-and-posthumanism","tag-sound-and-listening"],"acf":[],"yoast_head":"<!-- This site is optimized with the Yoast SEO plugin v25.5 - https:\/\/yoast.com\/wordpress\/plugins\/seo\/ -->\n<title>Natalia Bieletto at C\u00e1tedra Jes\u00fas Romero (Mexico) - Cmus<\/title>\n<meta name=\"robots\" content=\"index, follow, max-snippet:-1, max-image-preview:large, max-video-preview:-1\" \/>\n<link rel=\"canonical\" href=\"https:\/\/cmus.cl\/en\/natalia-bieletto-at-catedra-jesus-romero-mexico\/\" \/>\n<meta property=\"og:locale\" content=\"en_US\" \/>\n<meta property=\"og:type\" content=\"article\" \/>\n<meta property=\"og:title\" content=\"Natalia Bieletto at C\u00e1tedra Jes\u00fas Romero (Mexico) - Cmus\" \/>\n<meta property=\"og:description\" content=\"Natalia Bieletto will participate this Thursday, November 27th, in the Jes\u00fas Romero Chair at the Carlos Ch\u00e1vez National Center for Musical Research and Documentation in Mexico. She will be part of the &#8220;Musical Listening and Beyond&#8221; Round Table, where she will speak about the &#8220;Politicization of Listening and Social Uses of Sound Cartographies.&#8221; The central [&hellip;]\" \/>\n<meta property=\"og:url\" content=\"https:\/\/cmus.cl\/en\/natalia-bieletto-at-catedra-jesus-romero-mexico\/\" \/>\n<meta property=\"og:site_name\" content=\"Cmus\" \/>\n<meta property=\"article:published_time\" content=\"2025-11-26T09:25:38+00:00\" \/>\n<meta property=\"og:image\" content=\"https:\/\/cmus.cl\/wp-content\/uploads\/2025\/11\/1-2.png\" \/>\n\t<meta property=\"og:image:width\" content=\"1080\" \/>\n\t<meta property=\"og:image:height\" content=\"1350\" \/>\n\t<meta property=\"og:image:type\" content=\"image\/png\" \/>\n<meta name=\"author\" content=\"admin-cmus\" \/>\n<meta name=\"twitter:card\" content=\"summary_large_image\" \/>\n<meta name=\"twitter:label1\" content=\"Written by\" \/>\n\t<meta name=\"twitter:data1\" content=\"admin-cmus\" \/>\n\t<meta name=\"twitter:label2\" content=\"Est. reading time\" \/>\n\t<meta name=\"twitter:data2\" content=\"1 minute\" \/>\n<script type=\"application\/ld+json\" class=\"yoast-schema-graph\">{\"@context\":\"https:\/\/schema.org\",\"@graph\":[{\"@type\":\"WebPage\",\"@id\":\"https:\/\/cmus.cl\/en\/natalia-bieletto-at-catedra-jesus-romero-mexico\/\",\"url\":\"https:\/\/cmus.cl\/en\/natalia-bieletto-at-catedra-jesus-romero-mexico\/\",\"name\":\"Natalia Bieletto at C\u00e1tedra Jes\u00fas Romero (Mexico) - Cmus\",\"isPartOf\":{\"@id\":\"https:\/\/cmus.cl\/#website\"},\"primaryImageOfPage\":{\"@id\":\"https:\/\/cmus.cl\/en\/natalia-bieletto-at-catedra-jesus-romero-mexico\/#primaryimage\"},\"image\":{\"@id\":\"https:\/\/cmus.cl\/en\/natalia-bieletto-at-catedra-jesus-romero-mexico\/#primaryimage\"},\"thumbnailUrl\":\"https:\/\/cmus.cl\/wp-content\/uploads\/2025\/11\/1-2.png\",\"datePublished\":\"2025-11-26T09:25:38+00:00\",\"author\":{\"@id\":\"https:\/\/cmus.cl\/#\/schema\/person\/761885e3bf1ecf53a09eeac87bb5e177\"},\"breadcrumb\":{\"@id\":\"https:\/\/cmus.cl\/en\/natalia-bieletto-at-catedra-jesus-romero-mexico\/#breadcrumb\"},\"inLanguage\":\"en-US\",\"potentialAction\":[{\"@type\":\"ReadAction\",\"target\":[\"https:\/\/cmus.cl\/en\/natalia-bieletto-at-catedra-jesus-romero-mexico\/\"]}]},{\"@type\":\"ImageObject\",\"inLanguage\":\"en-US\",\"@id\":\"https:\/\/cmus.cl\/en\/natalia-bieletto-at-catedra-jesus-romero-mexico\/#primaryimage\",\"url\":\"https:\/\/cmus.cl\/wp-content\/uploads\/2025\/11\/1-2.png\",\"contentUrl\":\"https:\/\/cmus.cl\/wp-content\/uploads\/2025\/11\/1-2.png\",\"width\":1080,\"height\":1350},{\"@type\":\"BreadcrumbList\",\"@id\":\"https:\/\/cmus.cl\/en\/natalia-bieletto-at-catedra-jesus-romero-mexico\/#breadcrumb\",\"itemListElement\":[{\"@type\":\"ListItem\",\"position\":1,\"name\":\"Portada\",\"item\":\"https:\/\/cmus.cl\/en\/\"},{\"@type\":\"ListItem\",\"position\":2,\"name\":\"Natalia Bieletto at C\u00e1tedra Jes\u00fas Romero (Mexico)\"}]},{\"@type\":\"WebSite\",\"@id\":\"https:\/\/cmus.cl\/#website\",\"url\":\"https:\/\/cmus.cl\/\",\"name\":\"Cmus\",\"description\":\"My WordPress Blog\",\"potentialAction\":[{\"@type\":\"SearchAction\",\"target\":{\"@type\":\"EntryPoint\",\"urlTemplate\":\"https:\/\/cmus.cl\/?s={search_term_string}\"},\"query-input\":{\"@type\":\"PropertyValueSpecification\",\"valueRequired\":true,\"valueName\":\"search_term_string\"}}],\"inLanguage\":\"en-US\"},{\"@type\":\"Person\",\"@id\":\"https:\/\/cmus.cl\/#\/schema\/person\/761885e3bf1ecf53a09eeac87bb5e177\",\"name\":\"admin-cmus\",\"sameAs\":[\"https:\/\/cmus.cl\"],\"url\":\"https:\/\/cmus.cl\/en\/author\/admin-cmus\/\"}]}<\/script>\n<!-- \/ Yoast SEO plugin. -->","yoast_head_json":{"title":"Natalia Bieletto at C\u00e1tedra Jes\u00fas Romero (Mexico) - Cmus","robots":{"index":"index","follow":"follow","max-snippet":"max-snippet:-1","max-image-preview":"max-image-preview:large","max-video-preview":"max-video-preview:-1"},"canonical":"https:\/\/cmus.cl\/en\/natalia-bieletto-at-catedra-jesus-romero-mexico\/","og_locale":"en_US","og_type":"article","og_title":"Natalia Bieletto at C\u00e1tedra Jes\u00fas Romero (Mexico) - Cmus","og_description":"Natalia Bieletto will participate this Thursday, November 27th, in the Jes\u00fas Romero Chair at the Carlos Ch\u00e1vez National Center for Musical Research and Documentation in Mexico. She will be part of the &#8220;Musical Listening and Beyond&#8221; Round Table, where she will speak about the &#8220;Politicization of Listening and Social Uses of Sound Cartographies.&#8221; The central [&hellip;]","og_url":"https:\/\/cmus.cl\/en\/natalia-bieletto-at-catedra-jesus-romero-mexico\/","og_site_name":"Cmus","article_published_time":"2025-11-26T09:25:38+00:00","og_image":[{"width":1080,"height":1350,"url":"https:\/\/cmus.cl\/wp-content\/uploads\/2025\/11\/1-2.png","type":"image\/png"}],"author":"admin-cmus","twitter_card":"summary_large_image","twitter_misc":{"Written by":"admin-cmus","Est. reading time":"1 minute"},"schema":{"@context":"https:\/\/schema.org","@graph":[{"@type":"WebPage","@id":"https:\/\/cmus.cl\/en\/natalia-bieletto-at-catedra-jesus-romero-mexico\/","url":"https:\/\/cmus.cl\/en\/natalia-bieletto-at-catedra-jesus-romero-mexico\/","name":"Natalia Bieletto at C\u00e1tedra Jes\u00fas Romero (Mexico) - Cmus","isPartOf":{"@id":"https:\/\/cmus.cl\/#website"},"primaryImageOfPage":{"@id":"https:\/\/cmus.cl\/en\/natalia-bieletto-at-catedra-jesus-romero-mexico\/#primaryimage"},"image":{"@id":"https:\/\/cmus.cl\/en\/natalia-bieletto-at-catedra-jesus-romero-mexico\/#primaryimage"},"thumbnailUrl":"https:\/\/cmus.cl\/wp-content\/uploads\/2025\/11\/1-2.png","datePublished":"2025-11-26T09:25:38+00:00","author":{"@id":"https:\/\/cmus.cl\/#\/schema\/person\/761885e3bf1ecf53a09eeac87bb5e177"},"breadcrumb":{"@id":"https:\/\/cmus.cl\/en\/natalia-bieletto-at-catedra-jesus-romero-mexico\/#breadcrumb"},"inLanguage":"en-US","potentialAction":[{"@type":"ReadAction","target":["https:\/\/cmus.cl\/en\/natalia-bieletto-at-catedra-jesus-romero-mexico\/"]}]},{"@type":"ImageObject","inLanguage":"en-US","@id":"https:\/\/cmus.cl\/en\/natalia-bieletto-at-catedra-jesus-romero-mexico\/#primaryimage","url":"https:\/\/cmus.cl\/wp-content\/uploads\/2025\/11\/1-2.png","contentUrl":"https:\/\/cmus.cl\/wp-content\/uploads\/2025\/11\/1-2.png","width":1080,"height":1350},{"@type":"BreadcrumbList","@id":"https:\/\/cmus.cl\/en\/natalia-bieletto-at-catedra-jesus-romero-mexico\/#breadcrumb","itemListElement":[{"@type":"ListItem","position":1,"name":"Portada","item":"https:\/\/cmus.cl\/en\/"},{"@type":"ListItem","position":2,"name":"Natalia Bieletto at C\u00e1tedra Jes\u00fas Romero (Mexico)"}]},{"@type":"WebSite","@id":"https:\/\/cmus.cl\/#website","url":"https:\/\/cmus.cl\/","name":"Cmus","description":"My WordPress Blog","potentialAction":[{"@type":"SearchAction","target":{"@type":"EntryPoint","urlTemplate":"https:\/\/cmus.cl\/?s={search_term_string}"},"query-input":{"@type":"PropertyValueSpecification","valueRequired":true,"valueName":"search_term_string"}}],"inLanguage":"en-US"},{"@type":"Person","@id":"https:\/\/cmus.cl\/#\/schema\/person\/761885e3bf1ecf53a09eeac87bb5e177","name":"admin-cmus","sameAs":["https:\/\/cmus.cl"],"url":"https:\/\/cmus.cl\/en\/author\/admin-cmus\/"}]}},"_links":{"self":[{"href":"https:\/\/cmus.cl\/en\/wp-json\/wp\/v2\/posts\/19677","targetHints":{"allow":["GET"]}}],"collection":[{"href":"https:\/\/cmus.cl\/en\/wp-json\/wp\/v2\/posts"}],"about":[{"href":"https:\/\/cmus.cl\/en\/wp-json\/wp\/v2\/types\/post"}],"author":[{"embeddable":true,"href":"https:\/\/cmus.cl\/en\/wp-json\/wp\/v2\/users\/1"}],"replies":[{"embeddable":true,"href":"https:\/\/cmus.cl\/en\/wp-json\/wp\/v2\/comments?post=19677"}],"version-history":[{"count":0,"href":"https:\/\/cmus.cl\/en\/wp-json\/wp\/v2\/posts\/19677\/revisions"}],"wp:featuredmedia":[{"embeddable":true,"href":"https:\/\/cmus.cl\/en\/wp-json\/wp\/v2\/media\/19673"}],"wp:attachment":[{"href":"https:\/\/cmus.cl\/en\/wp-json\/wp\/v2\/media?parent=19677"}],"wp:term":[{"taxonomy":"category","embeddable":true,"href":"https:\/\/cmus.cl\/en\/wp-json\/wp\/v2\/categories?post=19677"},{"taxonomy":"post_tag","embeddable":true,"href":"https:\/\/cmus.cl\/en\/wp-json\/wp\/v2\/tags?post=19677"}],"curies":[{"name":"wp","href":"https:\/\/api.w.org\/{rel}","templated":true}]}}